{"id":483,"date":"2022-09-23T11:40:01","date_gmt":"2022-09-23T11:40:01","guid":{"rendered":"https:\/\/protegetuinformacion.com\/?p=483"},"modified":"2022-09-23T11:40:01","modified_gmt":"2022-09-23T11:40:01","slug":"consejos-para-trabajadores-y-trabajadoras-por-cuenta-ajena","status":"publish","type":"post","link":"https:\/\/protegetuinformacion.com\/index.php\/2022\/09\/23\/consejos-para-trabajadores-y-trabajadoras-por-cuenta-ajena\/","title":{"rendered":"Consejos para trabajadores y trabajadoras por cuenta ajena"},"content":{"rendered":"\n<p>No dejes papeles con informaci\u00f3n confidencial en tu escritorio o sitios que puedan ser p\u00fablicos o f\u00e1cilmente accesibles desde cualquier sistema de la organizaci\u00f3n o del exterior. No sabes qui\u00e9n puede entrar y mirar\/ver los papeles que tienes encima de tu escritorio cuando no est\u00e1s. Por lo tanto, debes tener mucho cuidado\u2026<\/p>\n\n\n\n<p>Familiar\u00edzate y conoce las pol\u00edticas de seguridad de tu empresa y apr\u00e9ndete las limitaciones de uso de los equipos inform\u00e1ticos.<\/p>\n\n\n\n<p>Proteger el acceso a tu espacio de trabajo y a tu equipo. Protege tus contrase\u00f1as corporativas y tus tarjetas de identificaci\u00f3n como podr\u00edas guardar tu n\u00famero PIN de tu tarjeta de cr\u00e9dito o de tu tel\u00e9fono m\u00f3vil. No compartas ni comuniques nunca a nadie tus contrase\u00f1as.<\/p>\n\n\n\n<p>Protege tu ordenador y la informaci\u00f3n que contiene: aseg\u00farate de proteger tu equipo cuando abandonas tu entorno de trabajo. Activa el protector de pantalla; presionando la tecla \u201cWindows\u201d y la tecla \u201cL\u201d (si eres usuario de Microsoft \u00ae) bloqueas el entorno y es necesaria la contrase\u00f1a personal para volver a acceder.<\/p>\n\n\n\n<p>El cl\u00e1sico enga\u00f1o de ingenier\u00eda social consiste en llamar a un empleado por tel\u00e9fono haci\u00e9ndose pasar como un t\u00e9cnico de sistemas o como un compa\u00f1ero y solicitando el usuario y la contrase\u00f1a para solucionar un problema urgente.<\/p>\n\n\n\n<p>Seguridad en los viajes: evita que se sepa que los dispositivos electr\u00f3nicos m\u00f3viles que utilizas son para fines corporativos o de negocio.<\/p>\n\n\n\n<p>Protecci\u00f3n del entorno m\u00f3vil: nunca dejes solos y sin atender tus dispositivos port\u00e1tiles.<\/p>\n","protected":false},"excerpt":{"rendered":"<p>No dejes papeles con informaci\u00f3n confidencial en tu escritorio o sitios que puedan ser p\u00fablicos o f\u00e1cilmente accesibles desde cualquier sistema de la organizaci\u00f3n o del exterior. No sabes qui\u00e9n &hellip; <a href=\"https:\/\/protegetuinformacion.com\/index.php\/2022\/09\/23\/consejos-para-trabajadores-y-trabajadoras-por-cuenta-ajena\/\" class=\"more-link\">Leer m\u00e1s<\/a><\/p>\n","protected":false},"author":3,"featured_media":484,"comment_status":"open","ping_status":"open","sticky":false,"template":"","format":"standard","meta":[],"categories":[13],"tags":[34,91,65,109,17],"_links":{"self":[{"href":"https:\/\/protegetuinformacion.com\/index.php\/wp-json\/wp\/v2\/posts\/483"}],"collection":[{"href":"https:\/\/protegetuinformacion.com\/index.php\/wp-json\/wp\/v2\/posts"}],"about":[{"href":"https:\/\/protegetuinformacion.com\/index.php\/wp-json\/wp\/v2\/types\/post"}],"author":[{"embeddable":true,"href":"https:\/\/protegetuinformacion.com\/index.php\/wp-json\/wp\/v2\/users\/3"}],"replies":[{"embeddable":true,"href":"https:\/\/protegetuinformacion.com\/index.php\/wp-json\/wp\/v2\/comments?post=483"}],"version-history":[{"count":1,"href":"https:\/\/protegetuinformacion.com\/index.php\/wp-json\/wp\/v2\/posts\/483\/revisions"}],"predecessor-version":[{"id":485,"href":"https:\/\/protegetuinformacion.com\/index.php\/wp-json\/wp\/v2\/posts\/483\/revisions\/485"}],"wp:featuredmedia":[{"embeddable":true,"href":"https:\/\/protegetuinformacion.com\/index.php\/wp-json\/wp\/v2\/media\/484"}],"wp:attachment":[{"href":"https:\/\/protegetuinformacion.com\/index.php\/wp-json\/wp\/v2\/media?parent=483"}],"wp:term":[{"taxonomy":"category","embeddable":true,"href":"https:\/\/protegetuinformacion.com\/index.php\/wp-json\/wp\/v2\/categories?post=483"},{"taxonomy":"post_tag","embeddable":true,"href":"https:\/\/protegetuinformacion.com\/index.php\/wp-json\/wp\/v2\/tags?post=483"}],"curies":[{"name":"wp","href":"https:\/\/api.w.org\/{rel}","templated":true}]}}