{"id":426,"date":"2022-09-21T10:16:41","date_gmt":"2022-09-21T10:16:41","guid":{"rendered":"https:\/\/protegetuinformacion.com\/?p=426"},"modified":"2022-09-21T10:16:41","modified_gmt":"2022-09-21T10:16:41","slug":"la-falta-de-seguridad-coarta-el-uso-de-internet-en-espana","status":"publish","type":"post","link":"https:\/\/protegetuinformacion.com\/index.php\/2022\/09\/21\/la-falta-de-seguridad-coarta-el-uso-de-internet-en-espana\/","title":{"rendered":"La falta de seguridad coarta el uso de internet en Espa\u00f1a"},"content":{"rendered":"\n<div class=\"wp-container-1 is-vertical wp-block-group\">\n<ul><li><strong>Aumenta la percepci\u00f3n del comercio electr\u00f3nico como medio inseguro para realizar compras.<\/strong><strong><em><\/em><\/strong><\/li><\/ul>\n\n\n\n<ul><li><strong>El 85% de los menores no es capaz de dar respuesta ante una situaci\u00f3n de riesgo en Internet.<\/strong><\/li><\/ul>\n\n\n\n<ul><li><strong>Entre los mayores de 65 a 74 a\u00f1os, el porcentaje de internautas es del 13,4% mientras que en el caso de los j\u00f3venes de entre 16 y 24 a\u00f1os alcanza el 92,5%<\/strong>.<\/li><\/ul>\n<\/div>\n\n\n\n<p>La seguridad de la informaci\u00f3n sigue siendo considerada uno de los factores por los cuales los usuarios no hacen un mayor uso de Internet. As\u00ed se desprende del <em>\u201cInforme sobre la seguridad y la sociedad de la informaci\u00f3n. Situaci\u00f3n actual y desaf\u00edos para el futuro\u201d<\/em>, que ha elaborado ISMS Forum Spain a partir de diferentes estudios realizados y cuyo prop\u00f3sito consiste en obtener una imagen global de la percepci\u00f3n de la seguridad de la informaci\u00f3n as\u00ed como su impacto en el grado de penetraci\u00f3n de la sociedad de la informaci\u00f3n en la poblaci\u00f3n espa\u00f1ola.<\/p>\n\n\n\n<p>Seg\u00fan los estudios consultados, en 2008 el n\u00famero total de internautas en Espa\u00f1a ha continuado en ascenso (<strong>58,3% de la poblaci\u00f3n<\/strong>) sin embargo, la diferencia num\u00e9rica entre el n\u00famero total de internautas y aquellos que realizan compras en Internet ha aumentado si se toman como referencia las cifras de 2008 y 2007: 18 puntos porcentuales y 13,7 puntos porcentuales, respectivamente. Esta diferencia se traduce en un volumen de comercio electr\u00f3nico que no se realiza de m\u00e1s de 1300 millones de euros.<\/p>\n\n\n\n<h2><strong><mark style=\"background-color:rgba(0, 0, 0, 0)\" class=\"has-inline-color has-black-color\">Comercio electr\u00f3nico frente a redes sociales<\/mark><\/strong><\/h2>\n\n\n\n<div class=\"wp-container-4 wp-block-columns\">\n<div class=\"wp-container-2 wp-block-column\" style=\"flex-basis:50%\">\n<p>Tres de las cuatro razones aducidas por los usuarios en 2009 para no utilizar el <strong>comercio electr\u00f3nico<\/strong> est\u00e1n relacionadas con la seguridad, s\u00f3lo por detr\u00e1s del hecho de preferir ver lo que se compra (34,2%). As\u00ed, al 28,4% no le parece seguro o no se f\u00eda (frente al 25,7% del a\u00f1o anterior); al 20,3% le da miedo dar sus datos personales por Internet (frente al 14% del a\u00f1o previo), y el 16,3% desconf\u00eda de las formas de pago. Estas cifras, en aumento desde 2005, confirman la tendencia negativa de la percepci\u00f3n de la Red como medio inseguro por parte de los usuarios.<\/p>\n<\/div>\n\n\n\n<div class=\"wp-container-3 wp-block-column\" style=\"flex-basis:50%\">\n<p>Esta creciente desconfianza en el comercio electr\u00f3nico contrasta, sin embargo, con el \u00e9xito de las <strong>Redes Sociales<\/strong> en Espa\u00f1a ya que se sit\u00faa en el tercer puesto del ranking mundial en porcentaje de usuarios activos de Redes Sociales s\u00f3lo por detr\u00e1s de Brasil e Italia y seguido de grandes potencias como Jap\u00f3n, Estados Unidos y Reino Unido. Dado que el uso de estas redes implica tambi\u00e9n la publicaci\u00f3n de datos personales y por tanto, entra\u00f1an riesgos y posibles ataques, se puede inferir que es el desconocimiento y la falta de formaci\u00f3n del usuario en este terreno la que facilita la difusi\u00f3n de los mismos.<\/p>\n<\/div>\n<\/div>\n\n\n\n<h2><strong>Brecha demogr\u00e1fica y perceptiva<\/strong><\/h2>\n\n\n\n<div class=\"wp-container-7 wp-block-columns\">\n<div class=\"wp-container-5 wp-block-column\" style=\"flex-basis:50%\">\n<p>El informe tambi\u00e9n recoge datos relevantes sobre el <strong>perfil demogr\u00e1fico<\/strong> del internauta. Mientras que entre los adultos de 65 a 74 a\u00f1os el porcentaje de internautas es de un 13,4%, entre los j\u00f3venes de 16 a 24 a\u00f1os el porcentaje se multiplica por siete alcanzando el 95,2%. Los j\u00f3venes o <em>nativos digitales <\/em>hacen un uso mucho m\u00e1s profuso de Internet, lo que se traduce en una brecha con respecto a sus mayores, que en ocasiones no llegan a percibir como graves algunos riesgos que acechan a sus hijos.<\/p>\n<\/div>\n\n\n\n<div class=\"wp-container-6 wp-block-column\" style=\"flex-basis:50%\">\n<p>A esta dificultad de interpretaci\u00f3n se une el que el 85% de los menores no es capaz de dar una respuesta ante una situaci\u00f3n de riesgo y tan <strong>s\u00f3lo el 1% declara expresamente que pedir\u00eda ayuda a sus padres<\/strong>, cifra que contrasta con la opini\u00f3n de los adultos ya que un 30% afirman que los menores recurrir\u00edan a ellos como primera opci\u00f3n a la hora de pedir ayuda, consejo o informaci\u00f3n.<\/p>\n<\/div>\n<\/div>\n\n\n\n<h2><strong>Relajaci\u00f3n empresarial<\/strong><\/h2>\n\n\n\n<div class=\"wp-container-10 wp-block-columns\">\n<div class=\"wp-container-8 wp-block-column\" style=\"flex-basis:50%\">\n<p>El informe recoge tambi\u00e9n algunas conclusiones sobre el entrono empresarial y la sociedad de la informaci\u00f3n. Entre los aspectos m\u00e1s llamativos se encuentra el hecho de que el 26,1% de las empresas piensa no estar afectada por la legislaci\u00f3n existente en materia de protecci\u00f3n de datos e incluso <strong>un 13,7% la desconoce. <\/strong><\/p>\n<\/div>\n\n\n\n<div class=\"wp-container-9 wp-block-column\" style=\"flex-basis:50%\">\n<p><strong>Sin embargo, el nivel de la adopci\u00f3n de los servicios relacionados con la sociedad de la informaci\u00f3n (banca electr\u00f3nica, gestiones con la Administraci\u00f3n P\u00fablica) es mayor del que se da en Europa.<\/strong> Asimismo, se manifiesta una carencia en la adopci\u00f3n de planes y pol\u00edticas de seguridad por parte de las empresas, puesto que s\u00f3lo un 21% de las empresas encuestadas cuentan con \u00e9l.<\/p>\n<\/div>\n<\/div>\n\n\n\n<p><strong><mark style=\"background-color:rgba(0, 0, 0, 0)\" class=\"has-inline-color has-vivid-red-color\">Cifras de inter\u00e9s:<\/mark><\/strong><\/p>\n\n\n\n<ul><li>El <strong>28,4%<\/strong> de los encuestados <strong>no conf\u00eda en el comercio electr\u00f3nico<\/strong>.<\/li><li>El <strong>27,1%<\/strong> de los que han dejado de comprar en Internet aducen como raz\u00f3n los <strong>problemas de seguridad.<\/strong><\/li><li>Si el <strong>1%<\/strong> de los internautas mejorase su nivel de confianza en Internet y realizase transacciones online, se generar\u00eda un volumen de negocio de m\u00e1s&nbsp; de <strong>130 millones de euros<\/strong>.<\/li><li>Espa\u00f1a es la <strong>tercera en el ranking mundial<\/strong> de porcentaje de <strong>usuarios activos de redes sociales.<\/strong><\/li><li>El <strong>85% de los menores<\/strong> no es capaz de dar una <strong>respuesta ante una situaci\u00f3n de riesgo<\/strong> y tan s\u00f3lo el <strong>1%<\/strong> declara que <strong>pedir\u00eda ayuda a sus padres<\/strong>.<\/li><li>Un <strong>13,7% de las empresas<\/strong> desconoce la legislaci\u00f3n en materia de <strong>protecci\u00f3n de datos<\/strong>.<\/li><\/ul>\n","protected":false},"excerpt":{"rendered":"<p>Aumenta la percepci\u00f3n del comercio electr\u00f3nico como medio inseguro para realizar compras. El 85% de los menores no es capaz de dar respuesta ante una situaci\u00f3n de riesgo en Internet. &hellip; <a href=\"https:\/\/protegetuinformacion.com\/index.php\/2022\/09\/21\/la-falta-de-seguridad-coarta-el-uso-de-internet-en-espana\/\" class=\"more-link\">Leer m\u00e1s<\/a><\/p>\n","protected":false},"author":4,"featured_media":427,"comment_status":"open","ping_status":"open","sticky":false,"template":"","format":"standard","meta":[],"categories":[13],"tags":[127,129,91,128,33,17],"_links":{"self":[{"href":"https:\/\/protegetuinformacion.com\/index.php\/wp-json\/wp\/v2\/posts\/426"}],"collection":[{"href":"https:\/\/protegetuinformacion.com\/index.php\/wp-json\/wp\/v2\/posts"}],"about":[{"href":"https:\/\/protegetuinformacion.com\/index.php\/wp-json\/wp\/v2\/types\/post"}],"author":[{"embeddable":true,"href":"https:\/\/protegetuinformacion.com\/index.php\/wp-json\/wp\/v2\/users\/4"}],"replies":[{"embeddable":true,"href":"https:\/\/protegetuinformacion.com\/index.php\/wp-json\/wp\/v2\/comments?post=426"}],"version-history":[{"count":1,"href":"https:\/\/protegetuinformacion.com\/index.php\/wp-json\/wp\/v2\/posts\/426\/revisions"}],"predecessor-version":[{"id":428,"href":"https:\/\/protegetuinformacion.com\/index.php\/wp-json\/wp\/v2\/posts\/426\/revisions\/428"}],"wp:featuredmedia":[{"embeddable":true,"href":"https:\/\/protegetuinformacion.com\/index.php\/wp-json\/wp\/v2\/media\/427"}],"wp:attachment":[{"href":"https:\/\/protegetuinformacion.com\/index.php\/wp-json\/wp\/v2\/media?parent=426"}],"wp:term":[{"taxonomy":"category","embeddable":true,"href":"https:\/\/protegetuinformacion.com\/index.php\/wp-json\/wp\/v2\/categories?post=426"},{"taxonomy":"post_tag","embeddable":true,"href":"https:\/\/protegetuinformacion.com\/index.php\/wp-json\/wp\/v2\/tags?post=426"}],"curies":[{"name":"wp","href":"https:\/\/api.w.org\/{rel}","templated":true}]}}