{"id":183,"date":"2022-01-05T13:21:34","date_gmt":"2022-01-05T13:21:34","guid":{"rendered":"https:\/\/protegetuinformacion.com\/?p=183"},"modified":"2022-01-05T13:21:34","modified_gmt":"2022-01-05T13:21:34","slug":"contrasenas-usos-y-recomendaciones","status":"publish","type":"post","link":"https:\/\/protegetuinformacion.com\/index.php\/2022\/01\/05\/contrasenas-usos-y-recomendaciones\/","title":{"rendered":"Contrase\u00f1as: usos y recomendaciones"},"content":{"rendered":"\n<h2>La gesti\u00f3n adecuada de las contrase\u00f1as es esencial para la protecci\u00f3n de la informaci\u00f3n tratada en la empresa.<\/h2>\n\n\n\n<p>Las contrase\u00f1as son el principal mecanismo de autenticaci\u00f3n utilizado por el personal en su acceso a los sistemas de informaci\u00f3n.<\/p>\n\n\n\n<p>La seguridad que proporcionan las contrase\u00f1as depende, en gran medida, de su confidencialidad. Si bien los mecanismos de gesti\u00f3n y uso de contrase\u00f1as est\u00e1n evolucionando constantemente, la elecci\u00f3n y el control de las contrase\u00f1as contin\u00faa siendo una responsabilidad personal de aquellos que utilizamos los sistemas de informaci\u00f3n.<\/p>\n\n\n\n<p>Con car\u00e1cter general, la contrase\u00f1a:<\/p>\n\n\n\n<ul><li>No podr\u00e1 ser asociada con facilidad a cualquier informaci\u00f3n relacionada con el usuario de la cuenta. Por ejemplo, n\u00fameros del DNI, matr\u00edculas de veh\u00edculos, nombres de familiares, denominaciones de departamentos o empresas, etc.<\/li><li>No estar\u00e1 formada por secuencias de caracteres o palabras f\u00e1cilmente predecibles.<\/li><li>Tendr\u00e1 una longitud m\u00ednima de ocho caracteres.<\/li><li>Combinar\u00e1 diferentes tipos de caracteres tipogr\u00e1ficos: may\u00fasculas, min\u00fasculas, n\u00fameros y caracteres especiales.<\/li><li>Ser\u00e1 cambiada de forma inmediata por el Usuario siempre que el sistema sugiera su cambio.<\/li><li>Las contrase\u00f1as se cambiar\u00e1n peri\u00f3dicamente.<\/li><\/ul>\n\n\n\n<p>La selecci\u00f3n de la contrase\u00f1a deber\u00e1 realizarse de acuerdo con los criterios de seguridad del sistema o de la aplicaci\u00f3n concreta. Un uso correcto de las contrase\u00f1as supone:<\/p>\n\n\n\n<ul><li>No acceder con la contrase\u00f1a de otro Usuario, ni modificar contrase\u00f1as de otros Usuarios, sin la expresa autorizaci\u00f3n y previo conocimiento del Responsable de la Informaci\u00f3n.<\/li><li>No compartir las cuentas y contrase\u00f1as con otros Usuarios, incluso si estos son superiores o colaboradores, ni hablar de ellas en p\u00fablico.<\/li><li>No anotar las contrase\u00f1as en sitios visibles o de f\u00e1cil acceso, ni almacenarlas en ficheros de ordenador sin proteger.<\/li><li>No teclear la contrase\u00f1a si hay alguien observando.<\/li><li>No utilizar la posibilidad de \u201cRecordar Contrase\u00f1a\u201d que ofrecen algunas aplicaciones como los navegadores web o el correo electr\u00f3nico.<\/li><\/ul>\n","protected":false},"excerpt":{"rendered":"<p>La gesti\u00f3n adecuada de las contrase\u00f1as es esencial para la protecci\u00f3n de la informaci\u00f3n tratada en la empresa. Las contrase\u00f1as son el principal mecanismo de autenticaci\u00f3n utilizado por el personal &hellip; <a href=\"https:\/\/protegetuinformacion.com\/index.php\/2022\/01\/05\/contrasenas-usos-y-recomendaciones\/\" class=\"more-link\">Leer m\u00e1s<\/a><\/p>\n","protected":false},"author":2,"featured_media":184,"comment_status":"closed","ping_status":"closed","sticky":false,"template":"","format":"standard","meta":[],"categories":[12,13],"tags":[37,15,17],"_links":{"self":[{"href":"https:\/\/protegetuinformacion.com\/index.php\/wp-json\/wp\/v2\/posts\/183"}],"collection":[{"href":"https:\/\/protegetuinformacion.com\/index.php\/wp-json\/wp\/v2\/posts"}],"about":[{"href":"https:\/\/protegetuinformacion.com\/index.php\/wp-json\/wp\/v2\/types\/post"}],"author":[{"embeddable":true,"href":"https:\/\/protegetuinformacion.com\/index.php\/wp-json\/wp\/v2\/users\/2"}],"replies":[{"embeddable":true,"href":"https:\/\/protegetuinformacion.com\/index.php\/wp-json\/wp\/v2\/comments?post=183"}],"version-history":[{"count":1,"href":"https:\/\/protegetuinformacion.com\/index.php\/wp-json\/wp\/v2\/posts\/183\/revisions"}],"predecessor-version":[{"id":185,"href":"https:\/\/protegetuinformacion.com\/index.php\/wp-json\/wp\/v2\/posts\/183\/revisions\/185"}],"wp:featuredmedia":[{"embeddable":true,"href":"https:\/\/protegetuinformacion.com\/index.php\/wp-json\/wp\/v2\/media\/184"}],"wp:attachment":[{"href":"https:\/\/protegetuinformacion.com\/index.php\/wp-json\/wp\/v2\/media?parent=183"}],"wp:term":[{"taxonomy":"category","embeddable":true,"href":"https:\/\/protegetuinformacion.com\/index.php\/wp-json\/wp\/v2\/categories?post=183"},{"taxonomy":"post_tag","embeddable":true,"href":"https:\/\/protegetuinformacion.com\/index.php\/wp-json\/wp\/v2\/tags?post=183"}],"curies":[{"name":"wp","href":"https:\/\/api.w.org\/{rel}","templated":true}]}}